{"id":1171,"date":"2024-02-25T12:18:34","date_gmt":"2024-02-25T12:18:34","guid":{"rendered":"https:\/\/eventos.coc.pt\/25gpra4\/?p=1171"},"modified":"2024-04-16T21:32:08","modified_gmt":"2024-04-16T21:32:08","slug":"pernoita-de-autocaravanas","status":"publish","type":"post","link":"https:\/\/eventos.coc.pt\/25gpra4\/pernoita-de-autocaravanas\/","title":{"rendered":"Pernoita de Autocaravanas"},"content":{"rendered":"<p>Alertamos a todos os autocaravanistas que a pernoita em toda a costa mar\u00edtima desde Ovar \u00e0 Marinha Grande (S\u00e3o Pedro inclusive)\u00a0 \u00e9 proibida em locais n\u00e3o identificados para o efeito, podem consultar o POOC (Plano de Ordenamento da Orla Costeira) e seu despacho <a href=\"https:\/\/diariodarepublica.pt\/dr\/detalhe\/resolucao-conselho-ministros\/142-2000-533814\">AQUI<\/a><\/p>\n<p>Em solu\u00e7\u00e3o recomendamos os seguintes locais de pernoite:<\/p>\n<p>Junto ao solo duro no interior da escola (Na noite de S\u00e1bado os port\u00f5es encerram \u00e0s 23h59 e s\u00f3 ser\u00e3o abertos pelas 07h30 de domingo) &#8211; \u00a0<a href=\"https:\/\/www.google.com\/maps\/@39.7429212,-8.9338351,54m\/data=!3m1!1e3?entry=ttu\"><strong>39.742877, -8.933686<\/strong><\/a><\/p>\n<p>Parque de Campismo Orbitur S\u00e3o Pedro de Moel &#8211; 39.758302, -9.025881<\/p>\n<p>Parque de Campismo Campingir S\u00e3o Pedro de Moel &#8211; 39.765036, -9.030445<\/p>\n<p>Parque de Campismo da Praia da Vieira &#8211; 39.873265, -8.967458<\/p>\n<p>Parque Autocaravanas Praia da Vieira &#8211; 39.879383, -8.964449<\/p>\n<p>Parque Camismo Praia do Pedrog\u00e3o &#8211; 39.915000, -8.950015<\/p>\n","protected":false},"excerpt":{"rendered":"<p>Alertamos a todos os autocaravanistas que a pernoita em toda a costa mar\u00edtima desde Ovar \u00e0 Marinha Grande (S\u00e3o Pedro inclusive)\u00a0 \u00e9 proibida em locais n\u00e3o identificados para o efeito, podem consultar o POOC (Plano de Ordenamento da Orla Costeira) e seu despacho AQUI Em solu\u00e7\u00e3o recomendamos os seguintes locais de pernoite: Junto ao solo &hellip; <a href=\"https:\/\/eventos.coc.pt\/25gpra4\/pernoita-de-autocaravanas\/\" class=\"more-link\">Continuar a ler <span class=\"screen-reader-text\">Pernoita de Autocaravanas<\/span><\/a><\/p>\n","protected":false},"author":1,"featured_media":0,"comment_status":"closed","ping_status":"closed","sticky":false,"template":"","format":"standard","meta":{"footnotes":""},"categories":[1],"tags":[],"class_list":["post-1171","post","type-post","status-publish","format-standard","hentry","category-uncategorized"],"_links":{"self":[{"href":"https:\/\/eventos.coc.pt\/25gpra4\/wp-json\/wp\/v2\/posts\/1171","targetHints":{"allow":["GET"]}}],"collection":[{"href":"https:\/\/eventos.coc.pt\/25gpra4\/wp-json\/wp\/v2\/posts"}],"about":[{"href":"https:\/\/eventos.coc.pt\/25gpra4\/wp-json\/wp\/v2\/types\/post"}],"author":[{"embeddable":true,"href":"https:\/\/eventos.coc.pt\/25gpra4\/wp-json\/wp\/v2\/users\/1"}],"replies":[{"embeddable":true,"href":"https:\/\/eventos.coc.pt\/25gpra4\/wp-json\/wp\/v2\/comments?post=1171"}],"version-history":[{"count":4,"href":"https:\/\/eventos.coc.pt\/25gpra4\/wp-json\/wp\/v2\/posts\/1171\/revisions"}],"predecessor-version":[{"id":1232,"href":"https:\/\/eventos.coc.pt\/25gpra4\/wp-json\/wp\/v2\/posts\/1171\/revisions\/1232"}],"wp:attachment":[{"href":"https:\/\/eventos.coc.pt\/25gpra4\/wp-json\/wp\/v2\/media?parent=1171"}],"wp:term":[{"taxonomy":"category","embeddable":true,"href":"https:\/\/eventos.coc.pt\/25gpra4\/wp-json\/wp\/v2\/categories?post=1171"},{"taxonomy":"post_tag","embeddable":true,"href":"https:\/\/eventos.coc.pt\/25gpra4\/wp-json\/wp\/v2\/tags?post=1171"}],"curies":[{"name":"wp","href":"https:\/\/api.w.org\/{rel}","templated":true}]}}