{"id":1392,"date":"2025-11-17T00:07:53","date_gmt":"2025-11-17T00:07:53","guid":{"rendered":"https:\/\/eventos.coc.pt\/26gpra4\/?p=1392"},"modified":"2025-11-17T00:07:53","modified_gmt":"2025-11-17T00:07:53","slug":"manuel-olveira-e-stepanka-betkova-vencem-o-26o-gp-ra4","status":"publish","type":"post","link":"https:\/\/eventos.coc.pt\/26gpra4\/manuel-olveira-e-stepanka-betkova-vencem-o-26o-gp-ra4\/","title":{"rendered":"Manuel Olveira e Stepanka Betkova vencem o 26\u00ba GP RA4"},"content":{"rendered":"<p>Manuel Oliveira (Clube de Orienta\u00e7\u00e3o do Centro) e Stepanka Betkova (ADM Ori-Mondego) s\u00e3o os grandes vencedores do 26\u00ba Grande Pr\u00e9mio do RA4.<\/p>\n<p>No escal\u00e7\u00e3o Homens Elite, o atleta do Clube de Orienta\u00e7\u00e3o do Centro levou de vencida esta etapa de dist\u00e2ncia longa, com partida em massa, a contar para o Ranking da Ta\u00e7a de Portugal da Federa\u00e7\u00e3o Portuguesa de Orienta\u00e7\u00e3o, com o tempo de 1:28:35.<\/p>\n<p>No escal\u00e3o Damas Elite, a atleta checa do ADM Ori-Mondego, com processo de naturaliza\u00e7\u00e3o em curso, foi a primeira a terminar o seu percurso com o tempo de 1:06:15.<\/p>\n<p>Todas as classifica\u00e7\u00f5es finais est\u00e3o dispon\u00edveis na p\u00e1gina dos <a href=\"https:\/\/eventos.coc.pt\/26gpra4\/resultados-do-26o-gpra4\/\">resultados<\/a>.<\/p>\n<p><img loading=\"lazy\" decoding=\"async\" class=\"size-full wp-image-1394 aligncenter\" src=\"https:\/\/eventos.coc.pt\/26gpra4\/wp-content\/uploads\/sites\/31\/2025\/11\/manuel_oliveira.jpg\" alt=\"\" width=\"2048\" height=\"1365\" srcset=\"https:\/\/eventos.coc.pt\/26gpra4\/wp-content\/uploads\/sites\/31\/2025\/11\/manuel_oliveira.jpg 2048w, https:\/\/eventos.coc.pt\/26gpra4\/wp-content\/uploads\/sites\/31\/2025\/11\/manuel_oliveira-300x200.jpg 300w, https:\/\/eventos.coc.pt\/26gpra4\/wp-content\/uploads\/sites\/31\/2025\/11\/manuel_oliveira-1024x683.jpg 1024w, https:\/\/eventos.coc.pt\/26gpra4\/wp-content\/uploads\/sites\/31\/2025\/11\/manuel_oliveira-768x512.jpg 768w, https:\/\/eventos.coc.pt\/26gpra4\/wp-content\/uploads\/sites\/31\/2025\/11\/manuel_oliveira-1536x1024.jpg 1536w, https:\/\/eventos.coc.pt\/26gpra4\/wp-content\/uploads\/sites\/31\/2025\/11\/manuel_oliveira-272x182.jpg 272w\" sizes=\"auto, (max-width: 2048px) 100vw, 2048px\" \/><\/p>\n<p>Manuel Oliveira (Clube de Orienta\u00e7\u00e3o do Centro) &#8211; foto de Helder Ferreira<\/p>\n<p><img loading=\"lazy\" decoding=\"async\" class=\"size-full wp-image-1393 aligncenter\" src=\"https:\/\/eventos.coc.pt\/26gpra4\/wp-content\/uploads\/sites\/31\/2025\/11\/stepanka_betkova.jpg\" alt=\"\" width=\"1200\" height=\"1600\" srcset=\"https:\/\/eventos.coc.pt\/26gpra4\/wp-content\/uploads\/sites\/31\/2025\/11\/stepanka_betkova.jpg 1200w, https:\/\/eventos.coc.pt\/26gpra4\/wp-content\/uploads\/sites\/31\/2025\/11\/stepanka_betkova-225x300.jpg 225w, https:\/\/eventos.coc.pt\/26gpra4\/wp-content\/uploads\/sites\/31\/2025\/11\/stepanka_betkova-768x1024.jpg 768w, https:\/\/eventos.coc.pt\/26gpra4\/wp-content\/uploads\/sites\/31\/2025\/11\/stepanka_betkova-1152x1536.jpg 1152w\" sizes=\"auto, (max-width: 1200px) 100vw, 1200px\" \/><\/p>\n<p>Stepanka Betkova (ADM Ori-Mondego) &#8211; foto de C\u00e1tia Marques<\/p>\n","protected":false},"excerpt":{"rendered":"<p>Manuel Oliveira (Clube de Orienta\u00e7\u00e3o do Centro) e Stepanka Betkova (ADM Ori-Mondego) s\u00e3o os grandes vencedores do 26\u00ba Grande Pr\u00e9mio do RA4. No escal\u00e7\u00e3o Homens Elite, o atleta do Clube de Orienta\u00e7\u00e3o do Centro levou de vencida esta etapa de dist\u00e2ncia longa, com partida em massa, a contar para o Ranking da Ta\u00e7a de Portugal &hellip; <a href=\"https:\/\/eventos.coc.pt\/26gpra4\/manuel-olveira-e-stepanka-betkova-vencem-o-26o-gp-ra4\/\" class=\"more-link\">Continuar a ler <span class=\"screen-reader-text\">Manuel Olveira e Stepanka Betkova vencem o 26\u00ba GP RA4<\/span><\/a><\/p>\n","protected":false},"author":1,"featured_media":0,"comment_status":"closed","ping_status":"closed","sticky":false,"template":"","format":"standard","meta":{"footnotes":""},"categories":[1],"tags":[],"class_list":["post-1392","post","type-post","status-publish","format-standard","hentry","category-uncategorized"],"_links":{"self":[{"href":"https:\/\/eventos.coc.pt\/26gpra4\/wp-json\/wp\/v2\/posts\/1392","targetHints":{"allow":["GET"]}}],"collection":[{"href":"https:\/\/eventos.coc.pt\/26gpra4\/wp-json\/wp\/v2\/posts"}],"about":[{"href":"https:\/\/eventos.coc.pt\/26gpra4\/wp-json\/wp\/v2\/types\/post"}],"author":[{"embeddable":true,"href":"https:\/\/eventos.coc.pt\/26gpra4\/wp-json\/wp\/v2\/users\/1"}],"replies":[{"embeddable":true,"href":"https:\/\/eventos.coc.pt\/26gpra4\/wp-json\/wp\/v2\/comments?post=1392"}],"version-history":[{"count":1,"href":"https:\/\/eventos.coc.pt\/26gpra4\/wp-json\/wp\/v2\/posts\/1392\/revisions"}],"predecessor-version":[{"id":1395,"href":"https:\/\/eventos.coc.pt\/26gpra4\/wp-json\/wp\/v2\/posts\/1392\/revisions\/1395"}],"wp:attachment":[{"href":"https:\/\/eventos.coc.pt\/26gpra4\/wp-json\/wp\/v2\/media?parent=1392"}],"wp:term":[{"taxonomy":"category","embeddable":true,"href":"https:\/\/eventos.coc.pt\/26gpra4\/wp-json\/wp\/v2\/categories?post=1392"},{"taxonomy":"post_tag","embeddable":true,"href":"https:\/\/eventos.coc.pt\/26gpra4\/wp-json\/wp\/v2\/tags?post=1392"}],"curies":[{"name":"wp","href":"https:\/\/api.w.org\/{rel}","templated":true}]}}