{"id":1396,"date":"2025-11-19T08:42:36","date_gmt":"2025-11-19T08:42:36","guid":{"rendered":"https:\/\/eventos.coc.pt\/26gpra4\/?p=1396"},"modified":"2025-11-19T08:42:36","modified_gmt":"2025-11-19T08:42:36","slug":"fotos-do-26o-gpra4","status":"publish","type":"post","link":"https:\/\/eventos.coc.pt\/26gpra4\/fotos-do-26o-gpra4\/","title":{"rendered":"Fotos do 26\u00ba GPRA4"},"content":{"rendered":"<p>J\u00e1 est\u00e3o dispon\u00edveis as fotos do 26\u00ba Grande Pr\u00e9mio do RA4 nos links abaixo<\/p>\n<p>Fotos TempO<\/p>\n<p><a href=\"https:\/\/photos.app.goo.gl\/dh5HEhjrqaMFyGPt8\">https:\/\/photos.app.goo.gl\/dh5HEhjrqaMFyGPt8<\/a><\/p>\n<p>Fotos Mass Start<\/p>\n<p><a href=\"https:\/\/photos.app.goo.gl\/mMqRXXCCG8BUa64V9\">https:\/\/photos.app.goo.gl\/mMqRXXCCG8BUa64V9<\/a><\/p>\n<p>&nbsp;<\/p>\n","protected":false},"excerpt":{"rendered":"<p>J\u00e1 est\u00e3o dispon\u00edveis as fotos do 26\u00ba Grande Pr\u00e9mio do RA4 nos links abaixo Fotos TempO https:\/\/photos.app.goo.gl\/dh5HEhjrqaMFyGPt8 Fotos Mass Start https:\/\/photos.app.goo.gl\/mMqRXXCCG8BUa64V9 &nbsp;<\/p>\n","protected":false},"author":6,"featured_media":0,"comment_status":"closed","ping_status":"closed","sticky":false,"template":"","format":"standard","meta":{"footnotes":""},"categories":[1],"tags":[],"class_list":["post-1396","post","type-post","status-publish","format-standard","hentry","category-uncategorized"],"_links":{"self":[{"href":"https:\/\/eventos.coc.pt\/26gpra4\/wp-json\/wp\/v2\/posts\/1396","targetHints":{"allow":["GET"]}}],"collection":[{"href":"https:\/\/eventos.coc.pt\/26gpra4\/wp-json\/wp\/v2\/posts"}],"about":[{"href":"https:\/\/eventos.coc.pt\/26gpra4\/wp-json\/wp\/v2\/types\/post"}],"author":[{"embeddable":true,"href":"https:\/\/eventos.coc.pt\/26gpra4\/wp-json\/wp\/v2\/users\/6"}],"replies":[{"embeddable":true,"href":"https:\/\/eventos.coc.pt\/26gpra4\/wp-json\/wp\/v2\/comments?post=1396"}],"version-history":[{"count":1,"href":"https:\/\/eventos.coc.pt\/26gpra4\/wp-json\/wp\/v2\/posts\/1396\/revisions"}],"predecessor-version":[{"id":1397,"href":"https:\/\/eventos.coc.pt\/26gpra4\/wp-json\/wp\/v2\/posts\/1396\/revisions\/1397"}],"wp:attachment":[{"href":"https:\/\/eventos.coc.pt\/26gpra4\/wp-json\/wp\/v2\/media?parent=1396"}],"wp:term":[{"taxonomy":"category","embeddable":true,"href":"https:\/\/eventos.coc.pt\/26gpra4\/wp-json\/wp\/v2\/categories?post=1396"},{"taxonomy":"post_tag","embeddable":true,"href":"https:\/\/eventos.coc.pt\/26gpra4\/wp-json\/wp\/v2\/tags?post=1396"}],"curies":[{"name":"wp","href":"https:\/\/api.w.org\/{rel}","templated":true}]}}